{"id":3307,"date":"2021-10-18T10:27:58","date_gmt":"2021-10-18T10:27:58","guid":{"rendered":"https:\/\/mobitrainee.com\/?p=3307"},"modified":"2024-02-22T14:18:16","modified_gmt":"2024-02-22T14:18:16","slug":"serbia-un-nuevo-destino-erasmus","status":"publish","type":"post","link":"https:\/\/mobitrainee.com\/es\/serbia-un-nuevo-destino-erasmus\/","title":{"rendered":"Serbia: un nuevo destino Erasmus +"},"content":{"rendered":"<p><span style=\"font-weight: 400;\">Seg\u00fan la Comisi\u00f3n Europea, \u00abTibor Navracsics, Comisario de Educaci\u00f3n, Cultura, Juventud y Deporte, y Mladen \u0160ar\u010devi\u0107, Ministro de Educaci\u00f3n, Ciencia y Desarrollo Tecnol\u00f3gico de Serbia, firman hoy (5 de febrero de 2019) un acuerdo que refuerza la participaci\u00f3n de Serbia en el programa Erasmus+.\u00bb El programa tambi\u00e9n se ha ampliado a otros pa\u00edses, inf\u00f3rmese de cu\u00e1les en \u00abDestinos Erasmus+\u00bb.<\/span><\/p>\n<p>&nbsp;<\/p>\n<p><b>La apertura de Serbia al sistema educativo europeo<\/b><\/p>\n<p><span style=\"font-weight: 400;\">Al participar en el programa Erasmus+, Serbia se abre a la educaci\u00f3n europea. As\u00ed, la apertura de las universidades serbias a la educaci\u00f3n internacional es cada vez mayor. De hecho, Serbia inici\u00f3 el proceso para convertirse en un pa\u00eds de pleno derecho de Erasmus + en 2016. La influencia del programa europeo Erasmus se desarrollar\u00e1 en Serbia y acelerar\u00e1 la movilidad acad\u00e9mica, facilitada en gran medida por la supresi\u00f3n de los visados de corta duraci\u00f3n.<\/span><\/p>\n<p><span style=\"font-weight: 400;\">Serbia tambi\u00e9n est\u00e1 abriendo oportunidades profesionales. En efecto, para responder a las necesidades futuras de la econom\u00eda y a las necesidades inmediatas de los individuos en materia de profesionalizaci\u00f3n, la Uni\u00f3n Europea ayuda al gobierno serbio en una importante reforma de la ense\u00f1anza y la formaci\u00f3n profesional. Por lo tanto, el campo de posibilidades para realizar una pr\u00e1cticas Erasmus en Serbia es muy amplio.<\/span><\/p>\n<p>&nbsp;<\/p>\n<p><b>El desarrollo internacional de Serbia<\/b><\/p>\n<p><span style=\"font-weight: 400;\">Serbia es muy din\u00e1mica en cuanto a la cooperaci\u00f3n con los pa\u00edses europeos. De hecho, se han firmado numerosos acuerdos con casi todos los pa\u00edses europeos, as\u00ed como con Estados Unidos. Adem\u00e1s, tambi\u00e9n podemos notar el desarrollo de acuerdos interuniversitarios con pa\u00edses emergentes como China, Rusia y Brasil.<\/span><\/p>\n<p>&nbsp;<\/p>\n<p><b>Principales puntos fuertes de la educaci\u00f3n serbia<\/b><\/p>\n<p><span style=\"font-weight: 400;\">Actualmente, Serbia reconoce 19 universidades acreditadas: 8 estatales y 11 privadas. Serbia es un pa\u00eds con un gran potencial de cooperaci\u00f3n en el \u00e1mbito de la ense\u00f1anza superior. Las instituciones francesas pueden encontrar all\u00ed socios de calidad, especialmente en el sector de la investigaci\u00f3n.<\/span><\/p>\n<p><span style=\"font-weight: 400;\">El sistema educativo serbio tiene muchas ventajas:<\/span><\/p>\n<ul>\n<li><span style=\"font-weight: 400;\">Una oferta universitaria de 8 universidades p\u00fablicas y 11 privadas y una calidad media de la ense\u00f1anza es muy satisfactoria;<\/span><\/li>\n<li><span style=\"font-weight: 400;\">la selecci\u00f3n a la entrada de las universidades, realizada a nivel de facultad, permite retener a los mejores estudiantes en los campos de estudio m\u00e1s solicitados<\/span><\/li>\n<li><span style=\"font-weight: 400;\">El sistema de financiaci\u00f3n con cargo a los presupuestos del Estado, que cubre a casi la mitad de los estudiantes en funci\u00f3n de los m\u00e9ritos, garantiza un amplio acceso al sistema de ense\u00f1anza superior para los estudiantes de diversos or\u00edgenes sociales;<\/span><\/li>\n<li><span style=\"font-weight: 400;\">Cada vez hay m\u00e1s cursos de ingl\u00e9s, lo que anima a los estudiantes extranjeros a interesarse por estudiar en Serbia;<\/span><\/li>\n<li><span style=\"font-weight: 400;\">La tradici\u00f3n franc\u00f3fona sigue estando muy presente en el mundo acad\u00e9mico, y se est\u00e1 reforzando con la creaci\u00f3n de varios programas de cooperaci\u00f3n a trav\u00e9s de la Agencia Universitaria de la Francofon\u00eda.<\/span><\/li>\n<\/ul>\n<p><b>El acercamiento de Francia y Serbia<\/b><\/p>\n<p>&nbsp;<\/p>\n<p><span style=\"font-weight: 400;\">Francia quiere aumentar el n\u00famero de estudiantes serbios en sus universidades. Para ello, quiere reforzar el acuerdo sobre la movilidad de estudiantes y j\u00f3venes trabajadores. Este acuerdo facilitar\u00e1 que los estudiantes serbios adquieran experiencia en Francia y que los estudiantes franceses obtengan un visado.<\/span><\/p>\n<p><span style=\"font-weight: 400;\">Todo ello reforzando la comunicaci\u00f3n de la movilidad en Serbia para los estudiantes franceses y promoviendo la movilidad Erasmus+.<\/span><\/p>\n<p><span style=\"font-weight: 400;\">El desarrollo de Serbia en el programa Erasmus permitir\u00e1 la creaci\u00f3n de nuevos cursos que se corresponden con el curr\u00edculo acad\u00e9mico de los estudiantes franceses.<\/span><\/p>\n<p><span style=\"font-weight: 400;\">Adem\u00e1s, con el desarrollo de las universidades serbias, Francia podr\u00e1 aumentar su red en Serbia.<\/span><\/p>\n<p><span style=\"font-weight: 400;\">Al reforzar sus acuerdos de movilidad Erasmus +, Serbia est\u00e1 aumentando el n\u00famero de destinos y ampliando las posibilidades de movilidad. Francia pretende aprovechar esta evoluci\u00f3n para reforzar sus universidades e intercambios.<\/span><\/p>\n<p><span style=\"font-weight: 400;\">Si, despu\u00e9s de leer este art\u00edculo, est\u00e1s interesado en participar en un programa de movilidad Erasmus+, Mobi Trainee te facilita los diferentes pasos para preparar tu solicitud en este art\u00edculo \u00abC\u00f3mo ir a un programa Erasmus+\u00bb.<\/span><\/p>\n","protected":false},"excerpt":{"rendered":"<p>Seg\u00fan la Comisi\u00f3n Europea, \u00abTibor Navracsics, Comisario de Educaci\u00f3n, Cultura, Juventud y Deporte, y Mladen \u0160ar\u010devi\u0107, Ministro de Educaci\u00f3n, Ciencia y Desarrollo Tecnol\u00f3gico de Serbia, firman hoy (5 de febrero de 2019) un acuerdo que refuerza la participaci\u00f3n de Serbia en el programa Erasmus+.\u00bb El programa tambi\u00e9n se ha ampliado a otros pa\u00edses, inf\u00f3rmese de&hellip;<\/p>\n","protected":false},"author":2,"featured_media":1364,"comment_status":"closed","ping_status":"closed","sticky":false,"template":"","format":"standard","meta":{"footnotes":""},"categories":[55,56],"tags":[],"class_list":["post-3307","post","type-post","status-publish","format-standard","has-post-thumbnail","hentry","category-erasmus-es","category-informacion-util","category-55","category-56","description-off"],"yoast_head":"<!-- This site is optimized with the Yoast SEO Premium plugin v20.8 (Yoast SEO v27.4) - https:\/\/yoast.com\/product\/yoast-seo-premium-wordpress\/ -->\n<title>Serbia: un nuevo destino Erasmus + - Mobi Trainee<\/title>\n<meta name=\"description\" content=\"Descubre Serbia como un emocionante destino Erasmus. Encuentra informaci\u00f3n sobre oportunidades, cultura y experiencias \u00fanicas para tu estancia en el extranjero.\" \/>\n<meta name=\"robots\" content=\"index, follow, max-snippet:-1, max-image-preview:large, max-video-preview:-1\" \/>\n<link rel=\"canonical\" href=\"https:\/\/mobitrainee.com\/es\/serbia-un-nuevo-destino-erasmus\/\" \/>\n<meta property=\"og:locale\" content=\"es_ES\" \/>\n<meta property=\"og:type\" content=\"article\" \/>\n<meta property=\"og:title\" content=\"Serbia: un nuevo destino Erasmus +\" \/>\n<meta property=\"og:description\" content=\"Descubre Serbia como un emocionante destino Erasmus. Encuentra informaci\u00f3n sobre oportunidades, cultura y experiencias \u00fanicas para tu estancia en el extranjero.\" \/>\n<meta property=\"og:url\" content=\"https:\/\/mobitrainee.com\/es\/serbia-un-nuevo-destino-erasmus\/\" \/>\n<meta property=\"og:site_name\" content=\"Mobi Trainee\" \/>\n<meta property=\"article:published_time\" content=\"2021-10-18T10:27:58+00:00\" \/>\n<meta property=\"article:modified_time\" content=\"2024-02-22T14:18:16+00:00\" \/>\n<meta property=\"og:image\" content=\"https:\/\/mobitrainee.com\/wp-content\/uploads\/2019\/02\/rawpixel-597440-unsplash.jpg\" \/>\n\t<meta property=\"og:image:width\" content=\"1600\" \/>\n\t<meta property=\"og:image:height\" content=\"1068\" \/>\n\t<meta property=\"og:image:type\" content=\"image\/jpeg\" \/>\n<meta name=\"author\" content=\"sandra seknagi\" \/>\n<meta name=\"twitter:card\" content=\"summary_large_image\" \/>\n<meta name=\"twitter:label1\" content=\"Escrito por\" \/>\n\t<meta name=\"twitter:data1\" content=\"sandra seknagi\" \/>\n\t<meta name=\"twitter:label2\" content=\"Tiempo de lectura\" \/>\n\t<meta name=\"twitter:data2\" content=\"4 minutos\" \/>\n<script type=\"application\/ld+json\" class=\"yoast-schema-graph\">{\"@context\":\"https:\\\/\\\/schema.org\",\"@graph\":[{\"@type\":\"Article\",\"@id\":\"https:\\\/\\\/mobitrainee.com\\\/es\\\/serbia-un-nuevo-destino-erasmus\\\/#article\",\"isPartOf\":{\"@id\":\"https:\\\/\\\/mobitrainee.com\\\/es\\\/serbia-un-nuevo-destino-erasmus\\\/\"},\"author\":{\"name\":\"sandra seknagi\",\"@id\":\"https:\\\/\\\/mobitrainee.com\\\/#\\\/schema\\\/person\\\/24668b0791f3a96b831cf177900f1287\"},\"headline\":\"Serbia: un nuevo destino Erasmus +\",\"datePublished\":\"2021-10-18T10:27:58+00:00\",\"dateModified\":\"2024-02-22T14:18:16+00:00\",\"mainEntityOfPage\":{\"@id\":\"https:\\\/\\\/mobitrainee.com\\\/es\\\/serbia-un-nuevo-destino-erasmus\\\/\"},\"wordCount\":700,\"image\":{\"@id\":\"https:\\\/\\\/mobitrainee.com\\\/es\\\/serbia-un-nuevo-destino-erasmus\\\/#primaryimage\"},\"thumbnailUrl\":\"https:\\\/\\\/mobitrainee.com\\\/wp-content\\\/uploads\\\/2019\\\/02\\\/rawpixel-597440-unsplash.jpg\",\"articleSection\":[\"Erasmus +\",\"Informaci\u00f3n \u00fatil\"],\"inLanguage\":\"es\"},{\"@type\":\"WebPage\",\"@id\":\"https:\\\/\\\/mobitrainee.com\\\/es\\\/serbia-un-nuevo-destino-erasmus\\\/\",\"url\":\"https:\\\/\\\/mobitrainee.com\\\/es\\\/serbia-un-nuevo-destino-erasmus\\\/\",\"name\":\"Serbia: un nuevo destino Erasmus + - Mobi Trainee\",\"isPartOf\":{\"@id\":\"https:\\\/\\\/mobitrainee.com\\\/#website\"},\"primaryImageOfPage\":{\"@id\":\"https:\\\/\\\/mobitrainee.com\\\/es\\\/serbia-un-nuevo-destino-erasmus\\\/#primaryimage\"},\"image\":{\"@id\":\"https:\\\/\\\/mobitrainee.com\\\/es\\\/serbia-un-nuevo-destino-erasmus\\\/#primaryimage\"},\"thumbnailUrl\":\"https:\\\/\\\/mobitrainee.com\\\/wp-content\\\/uploads\\\/2019\\\/02\\\/rawpixel-597440-unsplash.jpg\",\"datePublished\":\"2021-10-18T10:27:58+00:00\",\"dateModified\":\"2024-02-22T14:18:16+00:00\",\"author\":{\"@id\":\"https:\\\/\\\/mobitrainee.com\\\/#\\\/schema\\\/person\\\/24668b0791f3a96b831cf177900f1287\"},\"description\":\"Descubre Serbia como un emocionante destino Erasmus. Encuentra informaci\u00f3n sobre oportunidades, cultura y experiencias \u00fanicas para tu estancia en el extranjero.\",\"breadcrumb\":{\"@id\":\"https:\\\/\\\/mobitrainee.com\\\/es\\\/serbia-un-nuevo-destino-erasmus\\\/#breadcrumb\"},\"inLanguage\":\"es\",\"potentialAction\":[{\"@type\":\"ReadAction\",\"target\":[\"https:\\\/\\\/mobitrainee.com\\\/es\\\/serbia-un-nuevo-destino-erasmus\\\/\"]}]},{\"@type\":\"ImageObject\",\"inLanguage\":\"es\",\"@id\":\"https:\\\/\\\/mobitrainee.com\\\/es\\\/serbia-un-nuevo-destino-erasmus\\\/#primaryimage\",\"url\":\"https:\\\/\\\/mobitrainee.com\\\/wp-content\\\/uploads\\\/2019\\\/02\\\/rawpixel-597440-unsplash.jpg\",\"contentUrl\":\"https:\\\/\\\/mobitrainee.com\\\/wp-content\\\/uploads\\\/2019\\\/02\\\/rawpixel-597440-unsplash.jpg\",\"width\":1600,\"height\":1068,\"caption\":\"la Serbie une nouvelle destination Erasmus\"},{\"@type\":\"BreadcrumbList\",\"@id\":\"https:\\\/\\\/mobitrainee.com\\\/es\\\/serbia-un-nuevo-destino-erasmus\\\/#breadcrumb\",\"itemListElement\":[{\"@type\":\"ListItem\",\"position\":1,\"name\":\"Accueil\",\"item\":\"https:\\\/\\\/mobitrainee.com\\\/es\\\/\"},{\"@type\":\"ListItem\",\"position\":2,\"name\":\"Serbia: un nuevo destino Erasmus +\"}]},{\"@type\":\"WebSite\",\"@id\":\"https:\\\/\\\/mobitrainee.com\\\/#website\",\"url\":\"https:\\\/\\\/mobitrainee.com\\\/\",\"name\":\"Mobi Trainee\",\"description\":\"Experts en mobilit\u00e9s en stage Erasmus+\",\"potentialAction\":[{\"@type\":\"SearchAction\",\"target\":{\"@type\":\"EntryPoint\",\"urlTemplate\":\"https:\\\/\\\/mobitrainee.com\\\/?s={search_term_string}\"},\"query-input\":{\"@type\":\"PropertyValueSpecification\",\"valueRequired\":true,\"valueName\":\"search_term_string\"}}],\"inLanguage\":\"es\"},{\"@type\":\"Person\",\"@id\":\"https:\\\/\\\/mobitrainee.com\\\/#\\\/schema\\\/person\\\/24668b0791f3a96b831cf177900f1287\",\"name\":\"sandra seknagi\",\"image\":{\"@type\":\"ImageObject\",\"inLanguage\":\"es\",\"@id\":\"https:\\\/\\\/secure.gravatar.com\\\/avatar\\\/4ea8de7868a92bde41edda38ed5a7a48fb9bad62b08fa55ce0b5339c3aa29084?s=96&d=mm&r=g\",\"url\":\"https:\\\/\\\/secure.gravatar.com\\\/avatar\\\/4ea8de7868a92bde41edda38ed5a7a48fb9bad62b08fa55ce0b5339c3aa29084?s=96&d=mm&r=g\",\"contentUrl\":\"https:\\\/\\\/secure.gravatar.com\\\/avatar\\\/4ea8de7868a92bde41edda38ed5a7a48fb9bad62b08fa55ce0b5339c3aa29084?s=96&d=mm&r=g\",\"caption\":\"sandra seknagi\"},\"url\":\"https:\\\/\\\/mobitrainee.com\\\/es\\\/author\\\/sandra-seknagi\\\/\"}]}<\/script>\n<!-- \/ Yoast SEO Premium plugin. -->","yoast_head_json":{"title":"Serbia: un nuevo destino Erasmus + - Mobi Trainee","description":"Descubre Serbia como un emocionante destino Erasmus. Encuentra informaci\u00f3n sobre oportunidades, cultura y experiencias \u00fanicas para tu estancia en el extranjero.","robots":{"index":"index","follow":"follow","max-snippet":"max-snippet:-1","max-image-preview":"max-image-preview:large","max-video-preview":"max-video-preview:-1"},"canonical":"https:\/\/mobitrainee.com\/es\/serbia-un-nuevo-destino-erasmus\/","og_locale":"es_ES","og_type":"article","og_title":"Serbia: un nuevo destino Erasmus +","og_description":"Descubre Serbia como un emocionante destino Erasmus. Encuentra informaci\u00f3n sobre oportunidades, cultura y experiencias \u00fanicas para tu estancia en el extranjero.","og_url":"https:\/\/mobitrainee.com\/es\/serbia-un-nuevo-destino-erasmus\/","og_site_name":"Mobi Trainee","article_published_time":"2021-10-18T10:27:58+00:00","article_modified_time":"2024-02-22T14:18:16+00:00","og_image":[{"width":1600,"height":1068,"url":"https:\/\/mobitrainee.com\/wp-content\/uploads\/2019\/02\/rawpixel-597440-unsplash.jpg","type":"image\/jpeg"}],"author":"sandra seknagi","twitter_card":"summary_large_image","twitter_misc":{"Escrito por":"sandra seknagi","Tiempo de lectura":"4 minutos"},"schema":{"@context":"https:\/\/schema.org","@graph":[{"@type":"Article","@id":"https:\/\/mobitrainee.com\/es\/serbia-un-nuevo-destino-erasmus\/#article","isPartOf":{"@id":"https:\/\/mobitrainee.com\/es\/serbia-un-nuevo-destino-erasmus\/"},"author":{"name":"sandra seknagi","@id":"https:\/\/mobitrainee.com\/#\/schema\/person\/24668b0791f3a96b831cf177900f1287"},"headline":"Serbia: un nuevo destino Erasmus +","datePublished":"2021-10-18T10:27:58+00:00","dateModified":"2024-02-22T14:18:16+00:00","mainEntityOfPage":{"@id":"https:\/\/mobitrainee.com\/es\/serbia-un-nuevo-destino-erasmus\/"},"wordCount":700,"image":{"@id":"https:\/\/mobitrainee.com\/es\/serbia-un-nuevo-destino-erasmus\/#primaryimage"},"thumbnailUrl":"https:\/\/mobitrainee.com\/wp-content\/uploads\/2019\/02\/rawpixel-597440-unsplash.jpg","articleSection":["Erasmus +","Informaci\u00f3n \u00fatil"],"inLanguage":"es"},{"@type":"WebPage","@id":"https:\/\/mobitrainee.com\/es\/serbia-un-nuevo-destino-erasmus\/","url":"https:\/\/mobitrainee.com\/es\/serbia-un-nuevo-destino-erasmus\/","name":"Serbia: un nuevo destino Erasmus + - Mobi Trainee","isPartOf":{"@id":"https:\/\/mobitrainee.com\/#website"},"primaryImageOfPage":{"@id":"https:\/\/mobitrainee.com\/es\/serbia-un-nuevo-destino-erasmus\/#primaryimage"},"image":{"@id":"https:\/\/mobitrainee.com\/es\/serbia-un-nuevo-destino-erasmus\/#primaryimage"},"thumbnailUrl":"https:\/\/mobitrainee.com\/wp-content\/uploads\/2019\/02\/rawpixel-597440-unsplash.jpg","datePublished":"2021-10-18T10:27:58+00:00","dateModified":"2024-02-22T14:18:16+00:00","author":{"@id":"https:\/\/mobitrainee.com\/#\/schema\/person\/24668b0791f3a96b831cf177900f1287"},"description":"Descubre Serbia como un emocionante destino Erasmus. Encuentra informaci\u00f3n sobre oportunidades, cultura y experiencias \u00fanicas para tu estancia en el extranjero.","breadcrumb":{"@id":"https:\/\/mobitrainee.com\/es\/serbia-un-nuevo-destino-erasmus\/#breadcrumb"},"inLanguage":"es","potentialAction":[{"@type":"ReadAction","target":["https:\/\/mobitrainee.com\/es\/serbia-un-nuevo-destino-erasmus\/"]}]},{"@type":"ImageObject","inLanguage":"es","@id":"https:\/\/mobitrainee.com\/es\/serbia-un-nuevo-destino-erasmus\/#primaryimage","url":"https:\/\/mobitrainee.com\/wp-content\/uploads\/2019\/02\/rawpixel-597440-unsplash.jpg","contentUrl":"https:\/\/mobitrainee.com\/wp-content\/uploads\/2019\/02\/rawpixel-597440-unsplash.jpg","width":1600,"height":1068,"caption":"la Serbie une nouvelle destination Erasmus"},{"@type":"BreadcrumbList","@id":"https:\/\/mobitrainee.com\/es\/serbia-un-nuevo-destino-erasmus\/#breadcrumb","itemListElement":[{"@type":"ListItem","position":1,"name":"Accueil","item":"https:\/\/mobitrainee.com\/es\/"},{"@type":"ListItem","position":2,"name":"Serbia: un nuevo destino Erasmus +"}]},{"@type":"WebSite","@id":"https:\/\/mobitrainee.com\/#website","url":"https:\/\/mobitrainee.com\/","name":"Mobi Trainee","description":"Experts en mobilit\u00e9s en stage Erasmus+","potentialAction":[{"@type":"SearchAction","target":{"@type":"EntryPoint","urlTemplate":"https:\/\/mobitrainee.com\/?s={search_term_string}"},"query-input":{"@type":"PropertyValueSpecification","valueRequired":true,"valueName":"search_term_string"}}],"inLanguage":"es"},{"@type":"Person","@id":"https:\/\/mobitrainee.com\/#\/schema\/person\/24668b0791f3a96b831cf177900f1287","name":"sandra seknagi","image":{"@type":"ImageObject","inLanguage":"es","@id":"https:\/\/secure.gravatar.com\/avatar\/4ea8de7868a92bde41edda38ed5a7a48fb9bad62b08fa55ce0b5339c3aa29084?s=96&d=mm&r=g","url":"https:\/\/secure.gravatar.com\/avatar\/4ea8de7868a92bde41edda38ed5a7a48fb9bad62b08fa55ce0b5339c3aa29084?s=96&d=mm&r=g","contentUrl":"https:\/\/secure.gravatar.com\/avatar\/4ea8de7868a92bde41edda38ed5a7a48fb9bad62b08fa55ce0b5339c3aa29084?s=96&d=mm&r=g","caption":"sandra seknagi"},"url":"https:\/\/mobitrainee.com\/es\/author\/sandra-seknagi\/"}]}},"_links":{"self":[{"href":"https:\/\/mobitrainee.com\/es\/wp-json\/wp\/v2\/posts\/3307","targetHints":{"allow":["GET"]}}],"collection":[{"href":"https:\/\/mobitrainee.com\/es\/wp-json\/wp\/v2\/posts"}],"about":[{"href":"https:\/\/mobitrainee.com\/es\/wp-json\/wp\/v2\/types\/post"}],"author":[{"embeddable":true,"href":"https:\/\/mobitrainee.com\/es\/wp-json\/wp\/v2\/users\/2"}],"replies":[{"embeddable":true,"href":"https:\/\/mobitrainee.com\/es\/wp-json\/wp\/v2\/comments?post=3307"}],"version-history":[{"count":1,"href":"https:\/\/mobitrainee.com\/es\/wp-json\/wp\/v2\/posts\/3307\/revisions"}],"predecessor-version":[{"id":3308,"href":"https:\/\/mobitrainee.com\/es\/wp-json\/wp\/v2\/posts\/3307\/revisions\/3308"}],"wp:featuredmedia":[{"embeddable":true,"href":"https:\/\/mobitrainee.com\/es\/wp-json\/wp\/v2\/media\/1364"}],"wp:attachment":[{"href":"https:\/\/mobitrainee.com\/es\/wp-json\/wp\/v2\/media?parent=3307"}],"wp:term":[{"taxonomy":"category","embeddable":true,"href":"https:\/\/mobitrainee.com\/es\/wp-json\/wp\/v2\/categories?post=3307"},{"taxonomy":"post_tag","embeddable":true,"href":"https:\/\/mobitrainee.com\/es\/wp-json\/wp\/v2\/tags?post=3307"}],"curies":[{"name":"wp","href":"https:\/\/api.w.org\/{rel}","templated":true}]}}